{"id":17,"date":"2017-01-09T18:56:21","date_gmt":"2017-01-09T17:56:21","guid":{"rendered":"http:\/\/le-rohan.fr\/cinewp4\/?p=17"},"modified":"2026-04-29T21:24:36","modified_gmt":"2026-04-29T19:24:36","slug":"a-laffiche","status":"publish","type":"post","link":"http:\/\/le-rohan.fr\/cinewp4\/2017\/01\/09\/a-laffiche\/","title":{"rendered":"\u00e0 l&rsquo;affiche"},"content":{"rendered":"\n<div class=\"wp-block-media-text alignwide is-stacked-on-mobile has-small-font-size\" style=\"grid-template-columns:30% auto\"><figure class=\"wp-block-media-text__media\"><img loading=\"lazy\" decoding=\"async\" width=\"310\" height=\"420\" src=\"http:\/\/le-rohan.fr\/cinewp4\/wp-content\/uploads\/2017\/01\/Le-Diable-Prada-2.webp\" alt=\"\" class=\"wp-image-4825 size-full\" srcset=\"http:\/\/le-rohan.fr\/cinewp4\/wp-content\/uploads\/2017\/01\/Le-Diable-Prada-2.webp 310w, http:\/\/le-rohan.fr\/cinewp4\/wp-content\/uploads\/2017\/01\/Le-Diable-Prada-2-221x300.webp 221w, http:\/\/le-rohan.fr\/cinewp4\/wp-content\/uploads\/2017\/01\/Le-Diable-Prada-2-111x150.webp 111w\" sizes=\"auto, (max-width: 310px) 100vw, 310px\" \/><\/figure><div class=\"wp-block-media-text__content\">\n<h1 class=\"wp-block-heading\">Le Diable s&rsquo;habille en Prada 2<\/h1>\n\n\n\n<p>De <a href=\"https:\/\/www.allocine.fr\/personne\/fichepersonne_gen_cpersonne=18676.html\"><\/a><a href=\"https:\/\/www.allocine.fr\/personne\/fichepersonne_gen_cpersonne=23027.html\"><\/a><a href=\"https:\/\/www.allocine.fr\/personne\/fichepersonne_gen_cpersonne=16736.html\"><\/a><a href=\"https:\/\/www.allocine.fr\/personne\/fichepersonne_gen_cpersonne=615634.html\"><\/a><a href=\"https:\/\/www.allocine.fr\/personne\/fichepersonne_gen_cpersonne=533188.html\"><\/a><a href=\"https:\/\/www.allocine.fr\/personne\/fichepersonne_gen_cpersonne=647614.html\"><\/a><a href=\"https:\/\/www.allocine.fr\/personne\/fichepersonne_gen_cpersonne=575002.html\"><\/a><a href=\"https:\/\/www.allocine.fr\/personne\/fichepersonne_gen_cpersonne=794114.html\"><\/a><a href=\"https:\/\/www.allocine.fr\/personne\/fichepersonne_gen_cpersonne=69667.html\"><\/a><a href=\"https:\/\/www.allocine.fr\/personne\/fichepersonne_gen_cpersonne=193401.html\"><\/a><a href=\"https:\/\/www.allocine.fr\/personne\/fichepersonne_gen_cpersonne=550218.html\"><\/a><a href=\"https:\/\/www.allocine.fr\/personne\/fichepersonne_gen_cpersonne=120130.html\"><\/a><a href=\"https:\/\/www.allocine.fr\/personne\/fichepersonne_gen_cpersonne=410615.html\"><\/a><a href=\"https:\/\/www.allocine.fr\/personne\/fichepersonne_gen_cpersonne=186706.html\"><\/a><a href=\"https:\/\/www.allocine.fr\/personne\/fichepersonne_gen_cpersonne=621394.html\"><\/a><a href=\"https:\/\/www.allocine.fr\/personne\/fichepersonne_gen_cpersonne=17918.html\"><\/a><a href=\"https:\/\/www.allocine.fr\/personne\/fichepersonne_gen_cpersonne=1013418.html\"><\/a><a href=\"https:\/\/www.allocine.fr\/personne\/fichepersonne_gen_cpersonne=755834.html\"><\/a><a href=\"https:\/\/www.allocine.fr\/personne\/fichepersonne_gen_cpersonne=822604.html\"><\/a><a href=\"https:\/\/www.allocine.fr\/personne\/fichepersonne_gen_cpersonne=32229.html\"><\/a><a href=\"https:\/\/www.allocine.fr\/personne\/fichepersonne_gen_cpersonne=9548.html\"><\/a><a href=\"https:\/\/www.allocine.fr\/personne\/fichepersonne_gen_cpersonne=227376.html\"><\/a><a href=\"https:\/\/www.allocine.fr\/personne\/fichepersonne_gen_cpersonne=555658.html\"><\/a><a href=\"https:\/\/www.allocine.fr\/personne\/fichepersonne_gen_cpersonne=17705.html\"><\/a><a href=\"https:\/\/www.allocine.fr\/personne\/fichepersonne_gen_cpersonne=411212.html\"><\/a><a href=\"https:\/\/www.allocine.fr\/personne\/fichepersonne_gen_cpersonne=675880.html\"><\/a><a href=\"https:\/\/www.allocine.fr\/personne\/fichepersonne_gen_cpersonne=189722.html\"><\/a><a href=\"https:\/\/www.allocine.fr\/personne\/fichepersonne_gen_cpersonne=578608.html\"><\/a><a href=\"https:\/\/www.allocine.fr\/personne\/fichepersonne_gen_cpersonne=136467.html\"><\/a><a href=\"https:\/\/www.allocine.fr\/personne\/fichepersonne_gen_cpersonne=127353.html\"><\/a><a href=\"https:\/\/www.allocine.fr\/personne\/fichepersonne_gen_cpersonne=45700.html\"><\/a><a href=\"https:\/\/www.allocine.fr\/personne\/fichepersonne_gen_cpersonne=67945.html\">David Frankel<\/a><br>avec <a href=\"https:\/\/www.allocine.fr\/personne\/fichepersonne_gen_cpersonne=9.html\">Meryl Streep<\/a>,&nbsp;<a href=\"https:\/\/www.allocine.fr\/personne\/fichepersonne_gen_cpersonne=65719.html\">Anne Hathaway<\/a>,&nbsp;<a href=\"https:\/\/www.allocine.fr\/personne\/fichepersonne_gen_cpersonne=123054.html\">Emily Blunt<\/a><br>dur\u00e9e : 1h59<br><strong><a href=\"https:\/\/youtu.be\/s6kKTFE5wf8?si=ct0rlOzG8xzaXQIW\" data-type=\"URL\" target=\"_blank\" rel=\"noreferrer noopener\">Bande annon<\/a><a href=\"https:\/\/youtu.be\/X8HH4VtvR0w?si=jzFr91nWVhRTB02s\" data-type=\"URL\" target=\"_blank\" rel=\"noreferrer noopener\">c<\/a><a href=\"https:\/\/youtu.be\/s6kKTFE5wf8?si=ct0rlOzG8xzaXQIW\" data-type=\"URL\" target=\"_blank\" rel=\"noreferrer noopener\">e<\/a><\/strong><br><br>Miranda, Andy, Emily et Nigel replongent dans l\u2019univers impitoyable et glamour du magazine Runway et des rues new-yorkaises o\u00f9 l\u2019\u00e9l\u00e9gance est une arme redoutable.<\/p>\n\n\n\n<p><strong><mark style=\"background-color:rgba(0, 0, 0, 0)\" class=\"has-inline-color has-vivid-red-color\">jeudi 30, samedi 2, lundi 4, mardi 5 : 20h15<br>vendredi 1er : 17h00<br>dimanche 3 : 17h00, 20h15<\/mark><\/strong><\/p>\n<\/div><\/div>\n\n\n\n<hr class=\"wp-block-separator has-alpha-channel-opacity\"\/>\n\n\n\n<div class=\"wp-block-media-text alignwide is-stacked-on-mobile has-small-font-size\" style=\"grid-template-columns:30% auto\"><figure class=\"wp-block-media-text__media\"><img loading=\"lazy\" decoding=\"async\" width=\"310\" height=\"420\" src=\"http:\/\/le-rohan.fr\/cinewp4\/wp-content\/uploads\/2017\/01\/La-Poupee.webp\" alt=\"\" class=\"wp-image-4829 size-full\" srcset=\"http:\/\/le-rohan.fr\/cinewp4\/wp-content\/uploads\/2017\/01\/La-Poupee.webp 310w, http:\/\/le-rohan.fr\/cinewp4\/wp-content\/uploads\/2017\/01\/La-Poupee-221x300.webp 221w, http:\/\/le-rohan.fr\/cinewp4\/wp-content\/uploads\/2017\/01\/La-Poupee-111x150.webp 111w\" sizes=\"auto, (max-width: 310px) 100vw, 310px\" \/><\/figure><div class=\"wp-block-media-text__content\">\n<h1 class=\"wp-block-heading\">La Poup\u00e9e<\/h1>\n\n\n\n<p>De <a href=\"https:\/\/www.allocine.fr\/personne\/fichepersonne_gen_cpersonne=18676.html\"><\/a><a href=\"https:\/\/www.allocine.fr\/personne\/fichepersonne_gen_cpersonne=23027.html\"><\/a><a href=\"https:\/\/www.allocine.fr\/personne\/fichepersonne_gen_cpersonne=16736.html\"><\/a><a href=\"https:\/\/www.allocine.fr\/personne\/fichepersonne_gen_cpersonne=615634.html\"><\/a><a href=\"https:\/\/www.allocine.fr\/personne\/fichepersonne_gen_cpersonne=533188.html\"><\/a><a href=\"https:\/\/www.allocine.fr\/personne\/fichepersonne_gen_cpersonne=647614.html\"><\/a><a href=\"https:\/\/www.allocine.fr\/personne\/fichepersonne_gen_cpersonne=575002.html\"><\/a><a href=\"https:\/\/www.allocine.fr\/personne\/fichepersonne_gen_cpersonne=794114.html\"><\/a><a href=\"https:\/\/www.allocine.fr\/personne\/fichepersonne_gen_cpersonne=69667.html\"><\/a><a href=\"https:\/\/www.allocine.fr\/personne\/fichepersonne_gen_cpersonne=193401.html\"><\/a><a href=\"https:\/\/www.allocine.fr\/personne\/fichepersonne_gen_cpersonne=550218.html\"><\/a><a href=\"https:\/\/www.allocine.fr\/personne\/fichepersonne_gen_cpersonne=120130.html\"><\/a><a href=\"https:\/\/www.allocine.fr\/personne\/fichepersonne_gen_cpersonne=410615.html\"><\/a><a href=\"https:\/\/www.allocine.fr\/personne\/fichepersonne_gen_cpersonne=186706.html\"><\/a><a href=\"https:\/\/www.allocine.fr\/personne\/fichepersonne_gen_cpersonne=621394.html\"><\/a><a href=\"https:\/\/www.allocine.fr\/personne\/fichepersonne_gen_cpersonne=17918.html\"><\/a><a href=\"https:\/\/www.allocine.fr\/personne\/fichepersonne_gen_cpersonne=1013418.html\"><\/a><a href=\"https:\/\/www.allocine.fr\/personne\/fichepersonne_gen_cpersonne=755834.html\"><\/a><a href=\"https:\/\/www.allocine.fr\/personne\/fichepersonne_gen_cpersonne=822604.html\"><\/a><a href=\"https:\/\/www.allocine.fr\/personne\/fichepersonne_gen_cpersonne=32229.html\"><\/a><a href=\"https:\/\/www.allocine.fr\/personne\/fichepersonne_gen_cpersonne=9548.html\"><\/a><a href=\"https:\/\/www.allocine.fr\/personne\/fichepersonne_gen_cpersonne=227376.html\"><\/a><a href=\"https:\/\/www.allocine.fr\/personne\/fichepersonne_gen_cpersonne=555658.html\"><\/a><a href=\"https:\/\/www.allocine.fr\/personne\/fichepersonne_gen_cpersonne=17705.html\"><\/a><a href=\"https:\/\/www.allocine.fr\/personne\/fichepersonne_gen_cpersonne=411212.html\"><\/a><a href=\"https:\/\/www.allocine.fr\/personne\/fichepersonne_gen_cpersonne=675880.html\"><\/a><a href=\"https:\/\/www.allocine.fr\/personne\/fichepersonne_gen_cpersonne=189722.html\"><\/a><a href=\"https:\/\/www.allocine.fr\/personne\/fichepersonne_gen_cpersonne=578608.html\"><\/a><a href=\"https:\/\/www.allocine.fr\/personne\/fichepersonne_gen_cpersonne=136467.html\"><\/a><a href=\"https:\/\/www.allocine.fr\/personne\/fichepersonne_gen_cpersonne=127353.html\"><\/a><a href=\"https:\/\/www.allocine.fr\/personne\/fichepersonne_gen_cpersonne=45700.html\"><\/a><a href=\"https:\/\/www.allocine.fr\/personne\/fichepersonne_gen_cpersonne=1000012492.html\">Sophie Beaulieu<\/a><br>avec <a href=\"https:\/\/www.allocine.fr\/personne\/fichepersonne_gen_cpersonne=180052.html\">Vincent Macaigne<\/a>,&nbsp;<a href=\"https:\/\/www.allocine.fr\/personne\/fichepersonne_gen_cpersonne=714061.html\">Zo\u00e9 Marchal<\/a>,&nbsp;<a href=\"https:\/\/www.allocine.fr\/personne\/fichepersonne_gen_cpersonne=40179.html\">C\u00e9cile de France<\/a><br>dur\u00e9e : 1h20<br><strong><a href=\"https:\/\/youtu.be\/vda8LaX-zOc?si=nTW8Q9jDUH8Ipfud\" data-type=\"URL\" target=\"_blank\" rel=\"noreferrer noopener\">Bande annonce<\/a><\/strong><br><br>R\u00e9mi ne s\u2019est jamais remis de sa derni\u00e8re s\u00e9paration. Depuis, il s\u2019est mis en couple avec une poup\u00e9e, c\u2019est plus simple. Elle s\u2019appelle Audrey. Le jour o\u00f9 Patricia, une nouvelle coll\u00e8gue, arrive dans l\u2019entreprise de R\u00e9mi, Audrey va myst\u00e9rieusement prendre vie.<\/p>\n\n\n\n<p><strong><mark style=\"background-color:rgba(0, 0, 0, 0)\" class=\"has-inline-color has-vivid-red-color\">jeudi 30, lundi 4 : 20h15<br>vendredi 1er : 14h00, 20h15<br>samedi 2, dimanche 3 : 14h00<\/mark><\/strong><\/p>\n<\/div><\/div>\n\n\n\n<hr class=\"wp-block-separator has-alpha-channel-opacity\"\/>\n\n\n\n<div class=\"wp-block-media-text alignwide is-stacked-on-mobile has-small-font-size\" style=\"grid-template-columns:30% auto\"><figure class=\"wp-block-media-text__media\"><img loading=\"lazy\" decoding=\"async\" width=\"310\" height=\"420\" src=\"http:\/\/le-rohan.fr\/cinewp4\/wp-content\/uploads\/2017\/01\/Super-Mario-Galaxy.jpg\" alt=\"\" class=\"wp-image-4661 size-full\" srcset=\"http:\/\/le-rohan.fr\/cinewp4\/wp-content\/uploads\/2017\/01\/Super-Mario-Galaxy.jpg 310w, http:\/\/le-rohan.fr\/cinewp4\/wp-content\/uploads\/2017\/01\/Super-Mario-Galaxy-221x300.jpg 221w, http:\/\/le-rohan.fr\/cinewp4\/wp-content\/uploads\/2017\/01\/Super-Mario-Galaxy-111x150.jpg 111w\" sizes=\"auto, (max-width: 310px) 100vw, 310px\" \/><\/figure><div class=\"wp-block-media-text__content\">\n<h1 class=\"wp-block-heading\">Super Mario Galaxy Le Film<\/h1>\n\n\n\n<p>De <a href=\"https:\/\/www.allocine.fr\/personne\/fichepersonne_gen_cpersonne=18676.html\"><\/a><a href=\"https:\/\/www.allocine.fr\/personne\/fichepersonne_gen_cpersonne=23027.html\"><\/a><a href=\"https:\/\/www.allocine.fr\/personne\/fichepersonne_gen_cpersonne=16736.html\"><\/a><a href=\"https:\/\/www.allocine.fr\/personne\/fichepersonne_gen_cpersonne=615634.html\"><\/a><a href=\"https:\/\/www.allocine.fr\/personne\/fichepersonne_gen_cpersonne=533188.html\"><\/a><a href=\"https:\/\/www.allocine.fr\/personne\/fichepersonne_gen_cpersonne=647614.html\"><\/a><a href=\"https:\/\/www.allocine.fr\/personne\/fichepersonne_gen_cpersonne=575002.html\"><\/a><a href=\"https:\/\/www.allocine.fr\/personne\/fichepersonne_gen_cpersonne=794114.html\"><\/a><a href=\"https:\/\/www.allocine.fr\/personne\/fichepersonne_gen_cpersonne=69667.html\"><\/a><a href=\"https:\/\/www.allocine.fr\/personne\/fichepersonne_gen_cpersonne=193401.html\"><\/a><a href=\"https:\/\/www.allocine.fr\/personne\/fichepersonne_gen_cpersonne=550218.html\"><\/a><a href=\"https:\/\/www.allocine.fr\/personne\/fichepersonne_gen_cpersonne=120130.html\"><\/a><a href=\"https:\/\/www.allocine.fr\/personne\/fichepersonne_gen_cpersonne=410615.html\"><\/a><a href=\"https:\/\/www.allocine.fr\/personne\/fichepersonne_gen_cpersonne=186706.html\"><\/a><a href=\"https:\/\/www.allocine.fr\/personne\/fichepersonne_gen_cpersonne=621394.html\"><\/a><a href=\"https:\/\/www.allocine.fr\/personne\/fichepersonne_gen_cpersonne=17918.html\"><\/a><a href=\"https:\/\/www.allocine.fr\/personne\/fichepersonne_gen_cpersonne=1013418.html\"><\/a><a href=\"https:\/\/www.allocine.fr\/personne\/fichepersonne_gen_cpersonne=755834.html\"><\/a><a href=\"https:\/\/www.allocine.fr\/personne\/fichepersonne_gen_cpersonne=822604.html\"><\/a><a href=\"https:\/\/www.allocine.fr\/personne\/fichepersonne_gen_cpersonne=32229.html\"><\/a><a href=\"https:\/\/www.allocine.fr\/personne\/fichepersonne_gen_cpersonne=9548.html\"><\/a><a href=\"https:\/\/www.allocine.fr\/personne\/fichepersonne_gen_cpersonne=227376.html\"><\/a><a href=\"https:\/\/www.allocine.fr\/personne\/fichepersonne_gen_cpersonne=555658.html\"><\/a><a href=\"https:\/\/www.allocine.fr\/personne\/fichepersonne_gen_cpersonne=2583.html\"><\/a><a href=\"https:\/\/www.allocine.fr\/personne\/fichepersonne_gen_cpersonne=755679.html\"><\/a><a href=\"https:\/\/www.allocine.fr\/personne\/fichepersonne_gen_cpersonne=102286.html\"><\/a><a href=\"https:\/\/www.allocine.fr\/personne\/fichepersonne_gen_cpersonne=409361.html\"><\/a><a href=\"https:\/\/www.allocine.fr\/personne\/fichepersonne_gen_cpersonne=692388.html\">Aaron Horvath<\/a>,&nbsp;<a href=\"https:\/\/www.allocine.fr\/personne\/fichepersonne_gen_cpersonne=242927.html\">Michael Jelenic<\/a><br>dur\u00e9e : 1h39<br><strong><a href=\"https:\/\/youtu.be\/wOhwellmCFo?si=jhsVgjObIB2VwWKe\" data-type=\"URL\" target=\"_blank\" rel=\"noreferrer noopener\">Bande annonce<\/a><\/strong><br><br>\u00c0 peine install\u00e9s au Royaume Champignon, un myst\u00e9rieux appel \u00e0 l&rsquo;aide va pousser Mario et Luigi \u00e0 reprendre du service et plonger dans les zones d\u2019ombre du pass\u00e9 de la princesse Peach.<br>Une mission qui va propulser nos h\u00e9ros et leur nouvelle constellation d\u2019amis, tr\u00e8s loin de chez eux, \u00e0 travers un p\u00e9riple intergalactique, \u00e0 la d\u00e9couverte de nouveaux mondes o\u00f9 se forgeront des alliances pour le moins inattendues.<\/p>\n\n\n\n<p><strong><mark style=\"background-color:rgba(0, 0, 0, 0)\" class=\"has-inline-color has-vivid-red-color\">vendredi 1er : 14h00<\/mark><\/strong><br><strong><mark style=\"background-color:rgba(0, 0, 0, 0)\" class=\"has-inline-color has-vivid-red-color\">samedi 2 : 17h00<br>dimanche 3 : 14h00, 17h00<\/mark><\/strong><br><\/p>\n<\/div><\/div>\n\n\n\n<hr class=\"wp-block-separator has-alpha-channel-opacity\"\/>\n\n\n\n<div class=\"wp-block-media-text alignwide is-stacked-on-mobile has-small-font-size\" style=\"grid-template-columns:30% auto\"><figure class=\"wp-block-media-text__media\"><img loading=\"lazy\" decoding=\"async\" width=\"310\" height=\"420\" src=\"http:\/\/le-rohan.fr\/cinewp4\/wp-content\/uploads\/2017\/01\/Bagarre.jpg\" alt=\"\" class=\"wp-image-4832 size-full\" srcset=\"http:\/\/le-rohan.fr\/cinewp4\/wp-content\/uploads\/2017\/01\/Bagarre.jpg 310w, http:\/\/le-rohan.fr\/cinewp4\/wp-content\/uploads\/2017\/01\/Bagarre-221x300.jpg 221w, http:\/\/le-rohan.fr\/cinewp4\/wp-content\/uploads\/2017\/01\/Bagarre-111x150.jpg 111w\" sizes=\"auto, (max-width: 310px) 100vw, 310px\" \/><\/figure><div class=\"wp-block-media-text__content\">\n<h1 class=\"wp-block-heading\">Bagarre<\/h1>\n\n\n\n<p>De <a href=\"https:\/\/www.allocine.fr\/personne\/fichepersonne_gen_cpersonne=18676.html\"><\/a><a href=\"https:\/\/www.allocine.fr\/personne\/fichepersonne_gen_cpersonne=23027.html\"><\/a><a href=\"https:\/\/www.allocine.fr\/personne\/fichepersonne_gen_cpersonne=16736.html\"><\/a><a href=\"https:\/\/www.allocine.fr\/personne\/fichepersonne_gen_cpersonne=615634.html\"><\/a><a href=\"https:\/\/www.allocine.fr\/personne\/fichepersonne_gen_cpersonne=533188.html\"><\/a><a href=\"https:\/\/www.allocine.fr\/personne\/fichepersonne_gen_cpersonne=647614.html\"><\/a><a href=\"https:\/\/www.allocine.fr\/personne\/fichepersonne_gen_cpersonne=575002.html\"><\/a><a href=\"https:\/\/www.allocine.fr\/personne\/fichepersonne_gen_cpersonne=794114.html\"><\/a><a href=\"https:\/\/www.allocine.fr\/personne\/fichepersonne_gen_cpersonne=69667.html\"><\/a><a href=\"https:\/\/www.allocine.fr\/personne\/fichepersonne_gen_cpersonne=193401.html\"><\/a><a href=\"https:\/\/www.allocine.fr\/personne\/fichepersonne_gen_cpersonne=550218.html\"><\/a><a href=\"https:\/\/www.allocine.fr\/personne\/fichepersonne_gen_cpersonne=120130.html\"><\/a><a href=\"https:\/\/www.allocine.fr\/personne\/fichepersonne_gen_cpersonne=410615.html\"><\/a><a href=\"https:\/\/www.allocine.fr\/personne\/fichepersonne_gen_cpersonne=186706.html\"><\/a><a href=\"https:\/\/www.allocine.fr\/personne\/fichepersonne_gen_cpersonne=621394.html\"><\/a><a href=\"https:\/\/www.allocine.fr\/personne\/fichepersonne_gen_cpersonne=17918.html\"><\/a><a href=\"https:\/\/www.allocine.fr\/personne\/fichepersonne_gen_cpersonne=1013418.html\"><\/a><a href=\"https:\/\/www.allocine.fr\/personne\/fichepersonne_gen_cpersonne=755834.html\"><\/a><a href=\"https:\/\/www.allocine.fr\/personne\/fichepersonne_gen_cpersonne=822604.html\"><\/a><a href=\"https:\/\/www.allocine.fr\/personne\/fichepersonne_gen_cpersonne=32229.html\"><\/a><a href=\"https:\/\/www.allocine.fr\/personne\/fichepersonne_gen_cpersonne=9548.html\"><\/a><a href=\"https:\/\/www.allocine.fr\/personne\/fichepersonne_gen_cpersonne=227376.html\"><\/a><a href=\"https:\/\/www.allocine.fr\/personne\/fichepersonne_gen_cpersonne=555658.html\"><\/a><a href=\"https:\/\/www.allocine.fr\/personne\/fichepersonne_gen_cpersonne=17705.html\"><\/a><a href=\"https:\/\/www.allocine.fr\/personne\/fichepersonne_gen_cpersonne=411212.html\"><\/a><a href=\"https:\/\/www.allocine.fr\/personne\/fichepersonne_gen_cpersonne=675880.html\"><\/a><a href=\"https:\/\/www.allocine.fr\/personne\/fichepersonne_gen_cpersonne=189722.html\"><\/a><a href=\"https:\/\/www.allocine.fr\/personne\/fichepersonne_gen_cpersonne=578608.html\"><\/a><a href=\"https:\/\/www.allocine.fr\/personne\/fichepersonne_gen_cpersonne=136467.html\"><\/a><a href=\"https:\/\/www.allocine.fr\/personne\/fichepersonne_gen_cpersonne=6527.html\"><\/a><a href=\"https:\/\/www.allocine.fr\/personne\/fichepersonne_gen_cpersonne=722085.html\">ulien Royal<\/a><br>avec <a href=\"https:\/\/www.allocine.fr\/personne\/fichepersonne_gen_cpersonne=474959.html\">Nassim Lyes<\/a>,&nbsp;<a href=\"https:\/\/www.allocine.fr\/personne\/fichepersonne_gen_cpersonne=38768.html\">Ramzy Bedia<\/a>,&nbsp;<a href=\"https:\/\/www.allocine.fr\/personne\/fichepersonne_gen_cpersonne=196716.html\">Audrey Lamy<\/a><br>dur\u00e9e : 1h37<br><strong><a href=\"https:\/\/youtu.be\/slaaLh7b6wA?si=2DpKRaOXPs7X0Kuu\" data-type=\"URL\" target=\"_blank\" rel=\"noreferrer noopener\">Bande annonce<\/a><\/strong><br><br><strong>\u200bInterdit &#8211; 12 ans<\/strong><\/p>\n\n\n\n<p>Naim est un amour dans la vie et un monstre quand il s\u2019agit de se battre. Pour soigner sa chienne malade il est contraint d\u2019int\u00e9grer \u00ab Allo Bagarre \u00bb un service de combattants de rue qui r\u00e8glent les embrouilles \u00e0 coups de poings. Mais le jour o\u00f9 il comprendra que les conflits se r\u00e8glent par le dialogue, Naim aura bien du mal \u00e0 se faire entendre.<\/p>\n\n\n\n<p><strong><mark style=\"background-color:rgba(0, 0, 0, 0)\" class=\"has-inline-color has-vivid-red-color\">vendredi 1er : 17h00<br>samedi 2, mardi 5 : 20h15<\/mark><\/strong><\/p>\n<\/div><\/div>\n\n\n\n<hr class=\"wp-block-separator has-alpha-channel-opacity\"\/>\n\n\n\n<div class=\"wp-block-media-text alignwide is-stacked-on-mobile has-small-font-size\" style=\"grid-template-columns:30% auto\"><figure class=\"wp-block-media-text__media\"><img loading=\"lazy\" decoding=\"async\" width=\"310\" height=\"420\" src=\"http:\/\/le-rohan.fr\/cinewp4\/wp-content\/uploads\/2017\/01\/Juste-une-illusion.jpg\" alt=\"\" class=\"wp-image-4710 size-full\" srcset=\"http:\/\/le-rohan.fr\/cinewp4\/wp-content\/uploads\/2017\/01\/Juste-une-illusion.jpg 310w, http:\/\/le-rohan.fr\/cinewp4\/wp-content\/uploads\/2017\/01\/Juste-une-illusion-221x300.jpg 221w, http:\/\/le-rohan.fr\/cinewp4\/wp-content\/uploads\/2017\/01\/Juste-une-illusion-111x150.jpg 111w\" sizes=\"auto, (max-width: 310px) 100vw, 310px\" \/><\/figure><div class=\"wp-block-media-text__content\">\n<h1 class=\"wp-block-heading\">Juste une illusion<\/h1>\n\n\n\n<p>De <a href=\"https:\/\/www.allocine.fr\/personne\/fichepersonne_gen_cpersonne=18676.html\"><\/a><a href=\"https:\/\/www.allocine.fr\/personne\/fichepersonne_gen_cpersonne=23027.html\"><\/a><a href=\"https:\/\/www.allocine.fr\/personne\/fichepersonne_gen_cpersonne=16736.html\"><\/a><a href=\"https:\/\/www.allocine.fr\/personne\/fichepersonne_gen_cpersonne=615634.html\"><\/a><a href=\"https:\/\/www.allocine.fr\/personne\/fichepersonne_gen_cpersonne=533188.html\"><\/a><a href=\"https:\/\/www.allocine.fr\/personne\/fichepersonne_gen_cpersonne=647614.html\"><\/a><a href=\"https:\/\/www.allocine.fr\/personne\/fichepersonne_gen_cpersonne=575002.html\"><\/a><a href=\"https:\/\/www.allocine.fr\/personne\/fichepersonne_gen_cpersonne=794114.html\"><\/a><a href=\"https:\/\/www.allocine.fr\/personne\/fichepersonne_gen_cpersonne=69667.html\"><\/a><a href=\"https:\/\/www.allocine.fr\/personne\/fichepersonne_gen_cpersonne=193401.html\"><\/a><a href=\"https:\/\/www.allocine.fr\/personne\/fichepersonne_gen_cpersonne=550218.html\"><\/a><a href=\"https:\/\/www.allocine.fr\/personne\/fichepersonne_gen_cpersonne=120130.html\"><\/a><a href=\"https:\/\/www.allocine.fr\/personne\/fichepersonne_gen_cpersonne=410615.html\"><\/a><a href=\"https:\/\/www.allocine.fr\/personne\/fichepersonne_gen_cpersonne=186706.html\"><\/a><a href=\"https:\/\/www.allocine.fr\/personne\/fichepersonne_gen_cpersonne=621394.html\"><\/a><a href=\"https:\/\/www.allocine.fr\/personne\/fichepersonne_gen_cpersonne=17918.html\"><\/a><a href=\"https:\/\/www.allocine.fr\/personne\/fichepersonne_gen_cpersonne=1013418.html\"><\/a><a href=\"https:\/\/www.allocine.fr\/personne\/fichepersonne_gen_cpersonne=755834.html\"><\/a><a href=\"https:\/\/www.allocine.fr\/personne\/fichepersonne_gen_cpersonne=822604.html\"><\/a><a href=\"https:\/\/www.allocine.fr\/personne\/fichepersonne_gen_cpersonne=32229.html\"><\/a><a href=\"https:\/\/www.allocine.fr\/personne\/fichepersonne_gen_cpersonne=9548.html\"><\/a><a href=\"https:\/\/www.allocine.fr\/personne\/fichepersonne_gen_cpersonne=227376.html\"><\/a><a href=\"https:\/\/www.allocine.fr\/personne\/fichepersonne_gen_cpersonne=555658.html\"><\/a><a href=\"https:\/\/www.allocine.fr\/personne\/fichepersonne_gen_cpersonne=17705.html\"><\/a><a href=\"https:\/\/www.allocine.fr\/personne\/fichepersonne_gen_cpersonne=411212.html\"><\/a><a href=\"https:\/\/www.allocine.fr\/personne\/fichepersonne_gen_cpersonne=675880.html\"><\/a><a href=\"https:\/\/www.allocine.fr\/personne\/fichepersonne_gen_cpersonne=189722.html\"><\/a><a href=\"https:\/\/www.allocine.fr\/personne\/fichepersonne_gen_cpersonne=578608.html\"><\/a><a href=\"https:\/\/www.allocine.fr\/personne\/fichepersonne_gen_cpersonne=136467.html\"><\/a><a href=\"https:\/\/www.allocine.fr\/personne\/fichepersonne_gen_cpersonne=127353.html\"><\/a><a href=\"https:\/\/www.allocine.fr\/personne\/fichepersonne_gen_cpersonne=878831.html\"><\/a><a href=\"https:\/\/www.allocine.fr\/personne\/fichepersonne_gen_cpersonne=28839.html\">Olivier Nakache<\/a>,&nbsp;<a href=\"https:\/\/www.allocine.fr\/personne\/fichepersonne_gen_cpersonne=28840.html\">Eric Toledano<\/a><br>avec <a href=\"https:\/\/www.allocine.fr\/personne\/fichepersonne_gen_cpersonne=11738.html\">Louis Garrel<\/a>,&nbsp;<a href=\"https:\/\/www.allocine.fr\/personne\/fichepersonne_gen_cpersonne=240868.html\">Camille Cottin<\/a>,&nbsp;<a href=\"https:\/\/www.allocine.fr\/personne\/fichepersonne_gen_cpersonne=477196.html\">Pierre Lottin<\/a><br>dur\u00e9e : 1h50<br><strong><a href=\"https:\/\/youtu.be\/3NcTEeCZrY0?si=k1FwL0EnQb0HFTcw\" data-type=\"URL\" target=\"_blank\" rel=\"noreferrer noopener\">Bande annonce<\/a><\/strong><br><br>Nous sommes en 1985, Vincent, bient\u00f4t 13 ans, vit en banlieue parisienne dans une famille de la classe moyenne, entre un grand fr\u00e8re distant et des parents en conflit permanent. Alors qu\u2019il n\u2019est \u00ab d\u00e9j\u00e0 plus \u00bb un enfant et qu\u2019il n\u2019est \u00ab pas encore \u00bb un adulte nous allons partager ses questions et ses doutes sur l\u2019identit\u00e9, l\u2019amiti\u00e9, la famille, la religion, le d\u00e9sir et les premiers \u00e9lans amoureux.<br>Une com\u00e9die sur cette p\u00e9riode de l\u2019enfance o\u00f9 l\u2019espoir de changer le monde n\u2019\u00e9tait pas \u201cJuste une illusion\u2026\u201d<\/p>\n\n\n\n<p><strong><mark style=\"background-color:rgba(0, 0, 0, 0)\" class=\"has-inline-color has-vivid-red-color\">vendredi 1er : 20h15<br>samedi 2 : 17h00<br>dimanche 3 : 10h45, 20h15<\/mark><\/strong><br><\/p>\n<\/div><\/div>\n\n\n\n<hr class=\"wp-block-separator has-alpha-channel-opacity\"\/>\n\n\n\n<div class=\"wp-block-media-text alignwide is-stacked-on-mobile has-small-font-size\" style=\"grid-template-columns:30% auto\"><figure class=\"wp-block-media-text__media\"><img loading=\"lazy\" decoding=\"async\" width=\"310\" height=\"420\" src=\"http:\/\/le-rohan.fr\/cinewp4\/wp-content\/uploads\/2017\/01\/Les-Contes-du-pommier.jpg\" alt=\"\" class=\"wp-image-4835 size-full\" srcset=\"http:\/\/le-rohan.fr\/cinewp4\/wp-content\/uploads\/2017\/01\/Les-Contes-du-pommier.jpg 310w, http:\/\/le-rohan.fr\/cinewp4\/wp-content\/uploads\/2017\/01\/Les-Contes-du-pommier-221x300.jpg 221w, http:\/\/le-rohan.fr\/cinewp4\/wp-content\/uploads\/2017\/01\/Les-Contes-du-pommier-111x150.jpg 111w\" sizes=\"auto, (max-width: 310px) 100vw, 310px\" \/><\/figure><div class=\"wp-block-media-text__content\">\n<h1 class=\"wp-block-heading\">Les Contes du pommier<\/h1>\n\n\n\n<p>De <a href=\"https:\/\/www.allocine.fr\/personne\/fichepersonne_gen_cpersonne=865029.html\"><\/a><a href=\"https:\/\/www.allocine.fr\/personne\/fichepersonne_gen_cpersonne=964357.html\">Patrik Pass Jr.<\/a>,&nbsp;<a href=\"https:\/\/www.allocine.fr\/personne\/fichepersonne_gen_cpersonne=445576.html\">Jean-Claude Rozec<\/a>,&nbsp;<a href=\"https:\/\/www.allocine.fr\/personne\/fichepersonne_gen_cpersonne=510716.html\">David Sukup<\/a><br>dur\u00e9e : 1h10<br><strong><a href=\"https:\/\/youtu.be\/uTo29HgfJSM?si=l_vjtigGO0wij7S6\" data-type=\"URL\" target=\"_blank\" rel=\"noreferrer noopener\">Bande annonce<\/a><\/strong><br><br>Lors d\u2019un s\u00e9jour chez leur grand-p\u00e8re, Suzanne (8 ans) s\u2019improvise conteuse pour illuminer la maison d\u2019histoires imaginaires et merveilleuses qu\u2019elle raconte \u00e0 ses deux fr\u00e8res, Tom et Derek, afin de combler l\u2019absence de leur grand-m\u00e8re. D\u2019abord r\u00e9ticent, le grand-p\u00e8re finit par s\u2019associer \u00e0 leurs jeux et, par un tour de passe-passe, fait de leur week-end un moment de partage et de joyeux souvenirs.<\/p>\n\n\n\n<p><strong><mark style=\"background-color:rgba(0, 0, 0, 0)\" class=\"has-inline-color has-vivid-red-color\">samedi 2 : 14h00<br>dimanche 3 : 10h45<\/mark><\/strong><\/p>\n<\/div><\/div>\n","protected":false},"excerpt":{"rendered":"<p>Le Diable s&rsquo;habille en Prada 2 De David Frankelavec Meryl Streep,&nbsp;Anne Hathaway,&nbsp;Emily Bluntdur\u00e9e : 1h59Bande annonce Miranda, Andy, Emily et Nigel replongent dans l\u2019univers impitoyable et glamour du magazine Runway et des rues new-yorkaises o\u00f9 l\u2019\u00e9l\u00e9gance est une arme redoutable. jeudi 30, samedi 2, lundi 4, mardi 5 : 20h15vendredi \u2026 <a class=\"continue-reading-link\" href=\"http:\/\/le-rohan.fr\/cinewp4\/2017\/01\/09\/a-laffiche\/\"> Continue reading <span class=\"meta-nav\">&rarr; <\/span><\/a><\/p>\n","protected":false},"author":1,"featured_media":0,"comment_status":"open","ping_status":"open","sticky":false,"template":"","format":"standard","meta":{"footnotes":""},"categories":[1],"tags":[],"class_list":["post-17","post","type-post","status-publish","format-standard","hentry","category-non-classe"],"_links":{"self":[{"href":"http:\/\/le-rohan.fr\/cinewp4\/wp-json\/wp\/v2\/posts\/17","targetHints":{"allow":["GET"]}}],"collection":[{"href":"http:\/\/le-rohan.fr\/cinewp4\/wp-json\/wp\/v2\/posts"}],"about":[{"href":"http:\/\/le-rohan.fr\/cinewp4\/wp-json\/wp\/v2\/types\/post"}],"author":[{"embeddable":true,"href":"http:\/\/le-rohan.fr\/cinewp4\/wp-json\/wp\/v2\/users\/1"}],"replies":[{"embeddable":true,"href":"http:\/\/le-rohan.fr\/cinewp4\/wp-json\/wp\/v2\/comments?post=17"}],"version-history":[{"count":1789,"href":"http:\/\/le-rohan.fr\/cinewp4\/wp-json\/wp\/v2\/posts\/17\/revisions"}],"predecessor-version":[{"id":4846,"href":"http:\/\/le-rohan.fr\/cinewp4\/wp-json\/wp\/v2\/posts\/17\/revisions\/4846"}],"wp:attachment":[{"href":"http:\/\/le-rohan.fr\/cinewp4\/wp-json\/wp\/v2\/media?parent=17"}],"wp:term":[{"taxonomy":"category","embeddable":true,"href":"http:\/\/le-rohan.fr\/cinewp4\/wp-json\/wp\/v2\/categories?post=17"},{"taxonomy":"post_tag","embeddable":true,"href":"http:\/\/le-rohan.fr\/cinewp4\/wp-json\/wp\/v2\/tags?post=17"}],"curies":[{"name":"wp","href":"https:\/\/api.w.org\/{rel}","templated":true}]}}